{"id":898,"date":"2025-03-29T17:07:29","date_gmt":"2025-03-29T16:07:29","guid":{"rendered":"https:\/\/mateuszpakula.com\/?p=898"},"modified":"2025-03-29T17:07:30","modified_gmt":"2025-03-29T16:07:30","slug":"skora-po-dziadku-premiera-spektaklu-juz-w-kwietniu","status":"publish","type":"post","link":"https:\/\/mateuszpakula.com\/en\/skora-po-dziadku-premiera-spektaklu-juz-w-kwietniu\/","title":{"rendered":"SK\u00d3RA PO DZIADKU &#8211; premiera spektaklu ju\u017c w kwietniu!"},"content":{"rendered":"<p>Adaptacja i re\u017cyseria: Mateusz Paku\u0142a<\/p>\n\n\n\n<p>Scenografia i kostiumy: Justyna Elminowska<\/p>\n\n\n\n<p>\u015awiat\u0142o: Paulina G\u00f3ral<\/p>\n\n\n\n<p>Muzyka: Marcin Paku\u0142a (aran\u017cacje, kompozycje, muzyka na \u017cywo), Antonis Skolias (produkcja muzyki i nagra\u0144, aran\u017cacje), Zuzanna Skolias-Paku\u0142a (aran\u017cacje i nagrania wokali, wokal na \u017cywo)<\/p>\n\n\n\n<p>Wideo: Pawe\u0142 Edelman, Maciej Edelman, Olga Balowska<\/p>\n\n\n\n<p>Maski: Marta \u015aniosek-Masacz<\/p>\n\n\n\n<p><\/p>\n\n\n\n<p>Wyst\u0119puj\u0105: Ewelina Gronowska, Jan Jurkowski, Wojciech Niemczyk, Andrzej Plata, Zuzanna Skolias-Paku\u0142a, Marcin Paku\u0142a<\/p>\n\n\n\n<p>G\u0142osy z offu: Jan Peszek, Mateusz Paku\u0142a<\/p>\n\n\n\n<p><\/p>\n\n\n\n<p>Inspicjentki: Katarzyna Bia\u0142ooka (Teatr \u0141a\u017ania Nowa), Klaudia Sobura (Teatr im. Stefana \u017beromskiego w Kielcach)<\/p>\n\n\n\n<p><\/p>\n\n\n\n<p>Produkcja:<\/p>\n\n\n\n<p>Teatr \u0141a\u017ania Nowa, Teatr im. Stefana \u017beromskiego w Kielcach<\/p>\n\n\n\n<p><\/p>\n\n\n\n<p>Premiera krakowska: 11 kwietnia 2025<\/p>\n\n\n\n<p>Premiera kielecka: 26 kwietnia 2025<\/p>\n\n\n\n<p><\/p>\n\n\n\n<p>Na podstawie ksi\u0105\u017cki Mateusza Paku\u0142y \u201eSk\u00f3ra po dziadku\u201d wydanej przez Wydawnictwo Agora.<\/p>","protected":false},"excerpt":{"rendered":"<p>Adaptacja i re\u017cyseria: Mateusz Paku\u0142a Scenografia i kostiumy: Justyna Elminowska \u015awiat\u0142o: Paulina G\u00f3ral Muzyka: Marcin Paku\u0142a (aran\u017cacje, kompozycje, muzyka na \u017cywo), Antonis Skolias (produkcja muzyki i nagra\u0144, aran\u017cacje), Zuzanna Skolias-Paku\u0142a (aran\u017cacje i nagrania wokali, wokal na \u017cywo) Wideo: Pawe\u0142 Edelman, Maciej Edelman, Olga Balowska Maski: Marta \u015aniosek-Masacz Wyst\u0119puj\u0105: Ewelina Gronowska, Jan Jurkowski, Wojciech Niemczyk, Andrzej [&hellip;]<\/p>\n","protected":false},"author":1,"featured_media":899,"comment_status":"closed","ping_status":"open","sticky":false,"template":"","format":"standard","meta":{"_et_pb_use_builder":"","_et_pb_old_content":"","_et_gb_content_width":"","footnotes":""},"categories":[1],"tags":[],"class_list":["post-898","post","type-post","status-publish","format-standard","has-post-thumbnail","hentry","category-uncategorized"],"aioseo_notices":[],"_links":{"self":[{"href":"https:\/\/mateuszpakula.com\/en\/wp-json\/wp\/v2\/posts\/898","targetHints":{"allow":["GET"]}}],"collection":[{"href":"https:\/\/mateuszpakula.com\/en\/wp-json\/wp\/v2\/posts"}],"about":[{"href":"https:\/\/mateuszpakula.com\/en\/wp-json\/wp\/v2\/types\/post"}],"author":[{"embeddable":true,"href":"https:\/\/mateuszpakula.com\/en\/wp-json\/wp\/v2\/users\/1"}],"replies":[{"embeddable":true,"href":"https:\/\/mateuszpakula.com\/en\/wp-json\/wp\/v2\/comments?post=898"}],"version-history":[{"count":1,"href":"https:\/\/mateuszpakula.com\/en\/wp-json\/wp\/v2\/posts\/898\/revisions"}],"predecessor-version":[{"id":900,"href":"https:\/\/mateuszpakula.com\/en\/wp-json\/wp\/v2\/posts\/898\/revisions\/900"}],"wp:featuredmedia":[{"embeddable":true,"href":"https:\/\/mateuszpakula.com\/en\/wp-json\/wp\/v2\/media\/899"}],"wp:attachment":[{"href":"https:\/\/mateuszpakula.com\/en\/wp-json\/wp\/v2\/media?parent=898"}],"wp:term":[{"taxonomy":"category","embeddable":true,"href":"https:\/\/mateuszpakula.com\/en\/wp-json\/wp\/v2\/categories?post=898"},{"taxonomy":"post_tag","embeddable":true,"href":"https:\/\/mateuszpakula.com\/en\/wp-json\/wp\/v2\/tags?post=898"}],"curies":[{"name":"wp","href":"https:\/\/api.w.org\/{rel}","templated":true}]}}