{"id":939,"date":"2025-07-23T11:15:48","date_gmt":"2025-07-23T10:15:48","guid":{"rendered":"https:\/\/mateuszpakula.com\/?p=939"},"modified":"2026-02-04T22:09:24","modified_gmt":"2026-02-04T21:09:24","slug":"mateusz-pakula-laureatem-nagrody-im-tadeusza-zelenskiego-boya-za-rok-2025","status":"publish","type":"post","link":"https:\/\/mateuszpakula.com\/en\/mateusz-pakula-laureatem-nagrody-im-tadeusza-zelenskiego-boya-za-rok-2025\/","title":{"rendered":"Mateusz Paku\u0142a laureatem Nagrody im. Tadeusza \u017bele\u0144skiego-Boya za rok 2025"},"content":{"rendered":"<p><\/p>\n\n\n\n<p><strong>Zarz\u0105d polskiej sekcji Mi\u0119dzynarodowego Stowarzyszenia Krytyk\u00f3w Teatralnych (AICT) przyzna\u0142 Mateuszowi Pakule Doroczn\u0105 Nagrod\u0119 im. Tadeusza \u017bele\u0144skiego-Boya za rok 2025&nbsp;\u2013 poinformowa\u0142 PAP prezes polskiej sekcji AICT Tomasz Mi\u0142kowski.<\/strong><\/p>\n\n\n\n<p><a href=\"https:\/\/e-teatr.pl\/files\/multimedias\/172587\/480900832_2840652139439040_3251398103845378842_n.jpg\"><\/a>\u201ePrzyznaj\u0105c t\u0119 nagrod\u0119 Zarz\u0105d doceni\u0142 zar\u00f3wno dokonania re\u017cyserskie, jak i dramaturgiczne laureata, a zw\u0142aszcza jego autorskie spektakle oparte na powie\u015bciach \u00bbJak nie zabi\u0142em swojego ojca i jak bardzo tego \u017ca\u0142uj\u0119\u00ab i \u00bbSk\u00f3ra po dziadku\u00ab, zrealizowane w koprodukcji Teatru \u0141a\u017ania Nowa w Krakowie i Teatru im. Stefana \u017beromskiego w Kielcach. W dzie\u0142ach tych, zakotwiczonych w osobistym do\u015bwiadczeniu, autor zabra\u0142 g\u0142os w obronie pokrzywdzonych, poni\u017canych, lekcewa\u017conych, znajduj\u0105c dla kluczowych wyzwa\u0144 wsp\u00f3\u0142czesno\u015bci oryginalny kszta\u0142t artystyczny\u201d &#8211; czytamy w przes\u0142anej informacji.<\/p>\n\n\n\n<p>Nagroda im. Tadeusza \u017bele\u0144skiego-Boya jest przyznawana artystom teatru \u2013 aktorom, re\u017cyserom, scenografom oraz dramatopisarzom i krytykom \u2013 za najbardziej interesuj\u0105ce dokonania w danym roku lub za ca\u0142okszta\u0142t tw\u00f3rczo\u015bci stanowi\u0105cej licz\u0105cy si\u0119 wk\u0142ad w rozw\u00f3j polskiego teatru. Nosi imi\u0119 najs\u0142ynniejszego polskiego krytyka teatralnego, zamordowanego przez Niemc\u00f3w w czasie II wojny \u015bwiatowej.<\/p>\n\n\n\n<p>Wyr\u00f3\u017cnienie zosta\u0142o ustanowione w 1956 r. z inicjatywy Romana Szyd\u0142owskiego, wieloletniego prezesa Klubu Krytyki Teatralnej SDP, wsp\u00f3\u0142za\u0142o\u017cyciela Klubu Paryskiego, kt\u00f3ry da\u0142 pocz\u0105tek Mi\u0119dzynarodowemu Stowarzyszeniu Krytyk\u00f3w Teatralnych (AICT). Pierwszym laureatem nagrody zosta\u0142 w 1957 r. Kazimierz Dejmek za inscenizacj\u0119 \u201e\u015amierci Winkelrieda\u201d, jednego ze spektakli symbolizuj\u0105cych przemiany polityczne w polskim teatrze w okresie pa\u017adziernikowej odwil\u017cy.<\/p>\n\n\n\n<p>W\u015br\u00f3d 49 laureat\u00f3w, kt\u00f3rzy otrzymali to wyr\u00f3\u017cnienie w minionych latach, znale\u017ali si\u0119 arty\u015bci, kt\u00f3rych tw\u00f3rczo\u015b\u0107 nadawa\u0142a kszta\u0142t polskiemu teatrowi, m.in.: Kazimierz Dejmek, Zbigniew Zapasiewicz, Jerzy Grzegorzewski i Henryk Tomaszewski (nagrodzeni dwukrotnie), Tadeusz Kantor, Konrad Swinarski, Krystyna Skuszanka, Lidia Zamkow, Adam Hanuszkiewicz, Jacek Woszczerowicz, Gustaw Holoubek, Janusz Wi\u015bniewski, Krystyna Janda, Jan Peszek, Piotr Cieplak czy Jerzy Radziwi\u0142owicz.<\/p>\n\n\n\n<p>Mateusz Paku\u0142a jest 50. laureatem Nagrody im. Tadeusza \u017bele\u0144skiego-Boya.<\/p>","protected":false},"excerpt":{"rendered":"<p>Zarz\u0105d polskiej sekcji Mi\u0119dzynarodowego Stowarzyszenia Krytyk\u00f3w Teatralnych (AICT) przyzna\u0142 Mateuszowi Pakule Doroczn\u0105 Nagrod\u0119 im. Tadeusza \u017bele\u0144skiego-Boya za rok 2025&nbsp;\u2013 poinformowa\u0142 PAP prezes polskiej sekcji AICT Tomasz Mi\u0142kowski. \u201ePrzyznaj\u0105c t\u0119 nagrod\u0119 Zarz\u0105d doceni\u0142 zar\u00f3wno dokonania re\u017cyserskie, jak i dramaturgiczne laureata, a zw\u0142aszcza jego autorskie spektakle oparte na powie\u015bciach \u00bbJak nie zabi\u0142em swojego ojca i jak bardzo [&hellip;]<\/p>\n","protected":false},"author":1,"featured_media":986,"comment_status":"closed","ping_status":"open","sticky":false,"template":"","format":"standard","meta":{"_et_pb_use_builder":"","_et_pb_old_content":"","_et_gb_content_width":"","footnotes":""},"categories":[1],"tags":[],"class_list":["post-939","post","type-post","status-publish","format-standard","has-post-thumbnail","hentry","category-uncategorized"],"aioseo_notices":[],"_links":{"self":[{"href":"https:\/\/mateuszpakula.com\/en\/wp-json\/wp\/v2\/posts\/939","targetHints":{"allow":["GET"]}}],"collection":[{"href":"https:\/\/mateuszpakula.com\/en\/wp-json\/wp\/v2\/posts"}],"about":[{"href":"https:\/\/mateuszpakula.com\/en\/wp-json\/wp\/v2\/types\/post"}],"author":[{"embeddable":true,"href":"https:\/\/mateuszpakula.com\/en\/wp-json\/wp\/v2\/users\/1"}],"replies":[{"embeddable":true,"href":"https:\/\/mateuszpakula.com\/en\/wp-json\/wp\/v2\/comments?post=939"}],"version-history":[{"count":1,"href":"https:\/\/mateuszpakula.com\/en\/wp-json\/wp\/v2\/posts\/939\/revisions"}],"predecessor-version":[{"id":941,"href":"https:\/\/mateuszpakula.com\/en\/wp-json\/wp\/v2\/posts\/939\/revisions\/941"}],"wp:featuredmedia":[{"embeddable":true,"href":"https:\/\/mateuszpakula.com\/en\/wp-json\/wp\/v2\/media\/986"}],"wp:attachment":[{"href":"https:\/\/mateuszpakula.com\/en\/wp-json\/wp\/v2\/media?parent=939"}],"wp:term":[{"taxonomy":"category","embeddable":true,"href":"https:\/\/mateuszpakula.com\/en\/wp-json\/wp\/v2\/categories?post=939"},{"taxonomy":"post_tag","embeddable":true,"href":"https:\/\/mateuszpakula.com\/en\/wp-json\/wp\/v2\/tags?post=939"}],"curies":[{"name":"wp","href":"https:\/\/api.w.org\/{rel}","templated":true}]}}