{"id":975,"date":"2026-02-04T16:07:34","date_gmt":"2026-02-04T15:07:34","guid":{"rendered":"https:\/\/mateuszpakula.com\/?p=975"},"modified":"2026-02-04T21:57:39","modified_gmt":"2026-02-04T20:57:39","slug":"mteusz-pakula-otrzymal-nagrode-za-wybitne-dokonania-rezyserskie-i-dramaturgiczne","status":"publish","type":"post","link":"https:\/\/mateuszpakula.com\/en\/mteusz-pakula-otrzymal-nagrode-za-wybitne-dokonania-rezyserskie-i-dramaturgiczne\/","title":{"rendered":"MATEUSZ PAKU\u0141A OTRZYMA\u0141 NAGROD\u0118 ZA WYBITNE DOKONANIA RE\u017bYSERSKIE I DRAMATURGICZNE"},"content":{"rendered":"<p>Mateusz Paku\u0142a odebra\u0142 jedn\u0105 z najwa\u017cniejszych nagr\u00f3d teatralnych w Polsce, Nagrod\u0119 AICT im. Tadeusza Boya-\u017bele\u0144skiego, przyznawan\u0105 przez polsk\u0105 sekcj\u0119 Mi\u0119dzynarodowego Stowarzyszenia Krytyk\u00f3w Teatralnych.<\/p>\n\n\n\n<p>Zarz\u0105d AICT doceni\u0142 zar\u00f3wno jego dokonania re\u017cyserskie i dramaturgiczne, jak i autorskie spektakle oparte na powie\u015bciach \u201eJak nie zabi\u0142em swojego ojca i jak bardzo tego \u017ca\u0142uj\u0119\u201d oraz \u201eSk\u00f3ra po dziadku\u201d. W uzasadnieniu podkre\u015blono, \u017ce tw\u00f3rczo\u015b\u0107 Paku\u0142y to g\u0142os \u201ew obronie pokrzywdzonych, poni\u017canych i lekcewa\u017conych\u201d, a jego sztuka znajduje oryginalny j\u0119zyk dla najwa\u017cniejszych wyzwa\u0144 wsp\u00f3\u0142czesno\u015bci.<\/p>\n\n\n\n<p><\/p>\n\n\n\n<p>Dotychczasowi laureaci i laureatki NAGRODY BOYA-\u017bELE\u0143SKIEGO:<\/p>\n\n\n\n<p>1. 1957 &#8211; Kazimierz Dejmek<\/p>\n\n\n\n<p>2. 1958 &#8211; Krystyna Skuszanka<\/p>\n\n\n\n<p>3. 1959 &#8211; Jacek Woszczerowicz<\/p>\n\n\n\n<p>4. 1960 &#8211; Erwin Axer&nbsp;&nbsp;<\/p>\n\n\n\n<p>5. 1961 &#8211; Edward Csat\u00f3&nbsp;<\/p>\n\n\n\n<p>6. 1961 &#8211; Gustaw Holoubek&nbsp;<\/p>\n\n\n\n<p>7. 1962 &#8211; Wojciech Siemion<\/p>\n\n\n\n<p>8. 1963 &#8211; Tadeusz \u0141omnicki<\/p>\n\n\n\n<p>9. 1964 &#8211; Lidia Zamkow<\/p>\n\n\n\n<p>10. 1965 &#8211; Adam Hanuszkiewicz<\/p>\n\n\n\n<p>11. 1966 &#8211; Konrad Swinarski<\/p>\n\n\n\n<p>12. 1968 &#8211; Ludwik Ren\u00e9<\/p>\n\n\n\n<p>13. 1969 &#8211; Jan Kosi\u0144ski&nbsp;<\/p>\n\n\n\n<p>14. 1970 &#8211; Jerzy Jarocki&nbsp;<\/p>\n\n\n\n<p>15. 1972 &#8211; Marek Okopi\u0144ski<\/p>\n\n\n\n<p>16. 1973 &#8211; Zbigniew Zapasiewicz<\/p>\n\n\n\n<p>17. 1974 &#8211; Andrzej Wajda<\/p>\n\n\n\n<p>18. 1975 &#8211; Wojciech Pszoniak&nbsp;&nbsp;<\/p>\n\n\n\n<p>19. 1976 &#8211; Kazimierz Dejmek&nbsp;<\/p>\n\n\n\n<p>20. 1977 &#8211; Tadeusz Kantor<\/p>\n\n\n\n<p>21. 1978 &#8211; Jerzy Grzegorzewski&nbsp;&nbsp;<\/p>\n\n\n\n<p>22. 1978 &#8211; Jerzy Trela&nbsp;&nbsp;<\/p>\n\n\n\n<p>23. 1979 &#8211; Zygmunt H\u00fcbner<\/p>\n\n\n\n<p>24. 1980 &#8211; Henryk Tomaszewski<\/p>\n\n\n\n<p>25. 1990 &#8211; S\u0142awomir Mro\u017cek<\/p>\n\n\n\n<p>26. 2001 &#8211; Kazimierz Kutz&nbsp;&nbsp;<\/p>\n\n\n\n<p>27. 2002 &#8211; Ewa Da\u0142kowska&nbsp;&nbsp;<\/p>\n\n\n\n<p>28. 2003 &#8211; Jerzy Grzegorzewski&nbsp;&nbsp;<\/p>\n\n\n\n<p>29. 2004 &#8211; Ignacy Gogolewski&nbsp;&nbsp;<\/p>\n\n\n\n<p>30. 2005 &#8211; Maja Komorowska<\/p>\n\n\n\n<p>31. 2006 &#8211; Zbigniew Zapasiewicz<\/p>\n\n\n\n<p>32. 2007 &#8211; Anna Augustynowicz&nbsp;&nbsp;<\/p>\n\n\n\n<p>33. 2008 &#8211; Jan Englert<\/p>\n\n\n\n<p>34. 2009 &#8211; Janusz Wi\u015bniewski<\/p>\n\n\n\n<p>35. 2010 &#8211; Janusz Gajos&nbsp;<\/p>\n\n\n\n<p>36. 2011 &#8211; Agnieszka Gli\u0144ska<\/p>\n\n\n\n<p>37. 2012 &#8211; Henryk Talar<\/p>\n\n\n\n<p>38. 2013 &#8211; Piotr Fronczewski&nbsp;<\/p>\n\n\n\n<p>39. 2014 &#8211; Andrzej Seweryn<\/p>\n\n\n\n<p>40. 2015 &#8211; W\u0142odzimierz Staniewski&nbsp;&nbsp;<\/p>\n\n\n\n<p>41. 2016 &#8211; Wojciech Ko\u015bcielniak<\/p>\n\n\n\n<p>42. 2017 &#8211; Agata Duda-Gracz<\/p>\n\n\n\n<p>43. 2018 &#8211; Krystyna Janda<\/p>\n\n\n\n<p>44. 2019 &#8211; Go\u0142da Tencer<\/p>\n\n\n\n<p>45. 2020 &#8211; Krystian Lupa<\/p>\n\n\n\n<p>46. 2021 &#8211; Jan Peszek<\/p>\n\n\n\n<p>47. 2022 &#8211; Piotr Cieplak<\/p>\n\n\n\n<p>48. 2023 &#8211; Ma\u0142gorzata Bogajewska<\/p>\n\n\n\n<p>49. 2024 &#8211; Jerzy Radziwi\u0142owicz&nbsp;<\/p>\n\n\n\n<p>50. 2025 &#8211; Mateusz Paku\u0142a<\/p>","protected":false},"excerpt":{"rendered":"<p>Mateusz Paku\u0142a odebra\u0142 jedn\u0105 z najwa\u017cniejszych nagr\u00f3d teatralnych w Polsce, Nagrod\u0119 AICT im. Tadeusza Boya-\u017bele\u0144skiego, przyznawan\u0105 przez polsk\u0105 sekcj\u0119 Mi\u0119dzynarodowego Stowarzyszenia Krytyk\u00f3w Teatralnych. Zarz\u0105d AICT doceni\u0142 zar\u00f3wno jego dokonania re\u017cyserskie i dramaturgiczne, jak i autorskie spektakle oparte na powie\u015bciach \u201eJak nie zabi\u0142em swojego ojca i jak bardzo tego \u017ca\u0142uj\u0119\u201d oraz \u201eSk\u00f3ra po dziadku\u201d. W uzasadnieniu [&hellip;]<\/p>\n","protected":false},"author":1,"featured_media":984,"comment_status":"closed","ping_status":"open","sticky":false,"template":"","format":"standard","meta":{"_et_pb_use_builder":"","_et_pb_old_content":"","_et_gb_content_width":"","footnotes":""},"categories":[9],"tags":[],"class_list":["post-975","post","type-post","status-publish","format-standard","has-post-thumbnail","hentry","category-bez-kategorii-en"],"aioseo_notices":[],"_links":{"self":[{"href":"https:\/\/mateuszpakula.com\/en\/wp-json\/wp\/v2\/posts\/975","targetHints":{"allow":["GET"]}}],"collection":[{"href":"https:\/\/mateuszpakula.com\/en\/wp-json\/wp\/v2\/posts"}],"about":[{"href":"https:\/\/mateuszpakula.com\/en\/wp-json\/wp\/v2\/types\/post"}],"author":[{"embeddable":true,"href":"https:\/\/mateuszpakula.com\/en\/wp-json\/wp\/v2\/users\/1"}],"replies":[{"embeddable":true,"href":"https:\/\/mateuszpakula.com\/en\/wp-json\/wp\/v2\/comments?post=975"}],"version-history":[{"count":2,"href":"https:\/\/mateuszpakula.com\/en\/wp-json\/wp\/v2\/posts\/975\/revisions"}],"predecessor-version":[{"id":982,"href":"https:\/\/mateuszpakula.com\/en\/wp-json\/wp\/v2\/posts\/975\/revisions\/982"}],"wp:featuredmedia":[{"embeddable":true,"href":"https:\/\/mateuszpakula.com\/en\/wp-json\/wp\/v2\/media\/984"}],"wp:attachment":[{"href":"https:\/\/mateuszpakula.com\/en\/wp-json\/wp\/v2\/media?parent=975"}],"wp:term":[{"taxonomy":"category","embeddable":true,"href":"https:\/\/mateuszpakula.com\/en\/wp-json\/wp\/v2\/categories?post=975"},{"taxonomy":"post_tag","embeddable":true,"href":"https:\/\/mateuszpakula.com\/en\/wp-json\/wp\/v2\/tags?post=975"}],"curies":[{"name":"wp","href":"https:\/\/api.w.org\/{rel}","templated":true}]}}